{"id":1040,"date":"2020-01-22T16:26:01","date_gmt":"2020-01-22T15:26:01","guid":{"rendered":"https:\/\/www.hansajolle.de\/?p=1040"},"modified":"2020-01-23T21:59:24","modified_gmt":"2020-01-23T20:59:24","slug":"treffen-der-hansajollen-am-bodensee-2020","status":"publish","type":"post","link":"https:\/\/www.hansajolle.de\/?p=1040","title":{"rendered":"Treffen der Hansajollen am Bodensee 2020"},"content":{"rendered":"\n<p class=\"wp-block-paragraph\">Die Flotte des Bodensees steckt schon mitten in den Planungen der neuen Saison. Der Revierobmann Jan Schneider hat sich in der dunklen Jahreszeit hingesetzt und nach einer Bestandsaufnahme folgende&nbsp; ortsans\u00e4ssigen Boote am sch\u00f6nen Bodensee ausfindig machen k\u00f6nnen:<\/p>\n\n\n\n<ul class=\"wp-block-list\"><li>2\u00a0 Hansajollen in der Martinswerft Radolfzell<\/li><li>2 Hansajollen in Moos<\/li><li>1 Hansajolle in Berlingen CH<\/li><li>1 Hansajolle in Friedrichshafen<\/li><li>1 Hansajolle in Lindau-Zech<\/li><li>1 Hansajolle in Kressbronn<\/li><\/ul>\n\n\n\n<div class=\"wp-block-image\"><figure class=\"aligncenter size-large is-resized\"><img loading=\"lazy\" decoding=\"async\" src=\"https:\/\/www.hansajolle.de\/wp-content\/uploads\/Beitr\u00e4ge\/Bodensee-3-576x1024.jpg\" alt=\"\" class=\"wp-image-1047\" width=\"322\" height=\"572\" srcset=\"https:\/\/www.hansajolle.de\/wp-content\/uploads\/Beitr\u00e4ge\/Bodensee-3-576x1024.jpg 576w, https:\/\/www.hansajolle.de\/wp-content\/uploads\/Beitr\u00e4ge\/Bodensee-3-169x300.jpg 169w, https:\/\/www.hansajolle.de\/wp-content\/uploads\/Beitr\u00e4ge\/Bodensee-3-768x1365.jpg 768w, https:\/\/www.hansajolle.de\/wp-content\/uploads\/Beitr\u00e4ge\/Bodensee-3-864x1536.jpg 864w, https:\/\/www.hansajolle.de\/wp-content\/uploads\/Beitr\u00e4ge\/Bodensee-3-1152x2048.jpg 1152w, https:\/\/www.hansajolle.de\/wp-content\/uploads\/Beitr\u00e4ge\/Bodensee-3-1140x2027.jpg 1140w, https:\/\/www.hansajolle.de\/wp-content\/uploads\/Beitr\u00e4ge\/Bodensee-3-scaled.jpg 1440w\" sizes=\"auto, (max-width: 322px) 100vw, 322px\" \/><\/figure><\/div>\n\n\n\n<p class=\"wp-block-paragraph\">F\u00fcr 2020 plant er nun ein kleines Treffen der Hansajollen am See. Und da die Hansajollen am Untersee leicht in der Mehrzahl sind, favorisiert er den etwas ruhigeren aber nicht weniger sch\u00f6nen Untersee. <\/p>\n\n\n\n<!--more-->\n\n\n\n<p class=\"wp-block-paragraph\">Folgende Grobplanung ist bisher ausgedacht:<\/p>\n\n\n\n<ul class=\"wp-block-list\"><li>Zeitraum: 03.07.-05.07.2020<\/li><li>1. Hafen: Martinswerft Radolfzell oder Yachtclub Reichenau <a href=\"https:\/\/www.yachtclub-insel-reichenau.de\/index.php\">https:\/\/www.yachtclub-insel-reichenau.de\/index.php<\/a><\/li><li>Gemeinsames Abendessen, Grillen, Kl\u00f6nen am Freitag Abend<\/li><li>Samstag Vormittag: Besichtigung der Martin Werft in Radolfzell <a href=\"https:\/\/www.martin-yachten.de\/\">https:\/\/www.martin-yachten.de\/<\/a> bzw. der Beck &amp; S\u00f6hne auf der Reichenau <a href=\"http:\/\/www.bootswerft-beck.de\/\">http:\/\/www.bootswerft-beck.de\/<\/a><\/li><li>Gemeinsamer Segelt\u00f6rn bis abends zu unserem 2. Hafen (ggf. Ermatingen; derzeit im Umbau bis Sommer 2020; <a href=\"https:\/\/www.tagblatt.ch\/ostschweiz\/frauenfeld-munchwilen\/ermatingen-in-ermatingen-entsteht-ein-neuer-hotspot-am-untersee-ld.766636\">https:\/\/www.tagblatt.ch\/ostschweiz\/frauenfeld-munchwilen\/ermatingen-in-ermatingen-entsteht-ein-neuer-hotspot-am-untersee-ld.766636<\/a>)<\/li><li>Sonntag: nach dem Fr\u00fchst\u00fcck gemeinsames Aussegeln und Heimfahrt<\/li><\/ul>\n\n\n\n<p class=\"wp-block-paragraph\">Vielleicht kriegen wir ja die ein oder andere \u201eWettfahrt\u201c hin?!?<\/p>\n\n\n\n<p class=\"wp-block-paragraph\">Wer kein eigenes Boot hat, kann sicherlich auf einem anderen Boot mitsegeln. Interessierte mit und ohne Boot melden sich unter <a href=\"mailto:janundgaby@web.de\">janundgaby@web.de<\/a> bei Jan Schneider an.<\/p>\n\n\n\n<figure class=\"wp-block-image size-large\"><img loading=\"lazy\" decoding=\"async\" width=\"768\" height=\"1024\" src=\"https:\/\/www.hansajolle.de\/wp-content\/uploads\/Beitr\u00e4ge\/Bodensee-2-768x1024.jpg\" alt=\"\" class=\"wp-image-1052\" srcset=\"https:\/\/www.hansajolle.de\/wp-content\/uploads\/Beitr\u00e4ge\/Bodensee-2-768x1024.jpg 768w, https:\/\/www.hansajolle.de\/wp-content\/uploads\/Beitr\u00e4ge\/Bodensee-2-225x300.jpg 225w, https:\/\/www.hansajolle.de\/wp-content\/uploads\/Beitr\u00e4ge\/Bodensee-2-1152x1536.jpg 1152w, https:\/\/www.hansajolle.de\/wp-content\/uploads\/Beitr\u00e4ge\/Bodensee-2-1536x2048.jpg 1536w, https:\/\/www.hansajolle.de\/wp-content\/uploads\/Beitr\u00e4ge\/Bodensee-2-1140x1520.jpg 1140w, https:\/\/www.hansajolle.de\/wp-content\/uploads\/Beitr\u00e4ge\/Bodensee-2-scaled.jpg 1920w\" sizes=\"auto, (max-width: 768px) 100vw, 768px\" \/><\/figure>\n","protected":false},"excerpt":{"rendered":"<p>Die Flotte des Bodensees steckt schon mitten in den Planungen der neuen Saison. Der Revierobmann Jan Schneider hat sich in der dunklen Jahreszeit hingesetzt und nach einer Bestandsaufnahme folgende&nbsp; ortsans\u00e4ssigen Boote am sch\u00f6nen Bodensee ausfindig machen k\u00f6nnen: 2\u00a0 Hansajollen in der Martinswerft Radolfzell 2 Hansajollen in Moos 1 Hansajolle in Berlingen CH 1 Hansajolle in Friedrichshafen 1 Hansajolle in Lindau-Zech 1 Hansajolle in Kressbronn F\u00fcr 2020 plant er nun ein kleines Treffen der Hansajollen am See. Und da die Hansajollen am Untersee leicht in der Mehrzahl sind, favorisiert er den etwas ruhigeren aber nicht weniger sch\u00f6nen Untersee.<\/p>\n","protected":false},"author":2,"featured_media":1048,"comment_status":"open","ping_status":"open","sticky":false,"template":"","format":"standard","meta":{"_crdt_document":"","footnotes":""},"categories":[1],"tags":[],"class_list":["post-1040","post","type-post","status-publish","format-standard","has-post-thumbnail","hentry","category-allgemein"],"cc_featured_image_caption":{"caption_text":"","source_text":"","source_url":""},"acf":[],"_links":{"self":[{"href":"https:\/\/www.hansajolle.de\/index.php?rest_route=\/wp\/v2\/posts\/1040","targetHints":{"allow":["GET"]}}],"collection":[{"href":"https:\/\/www.hansajolle.de\/index.php?rest_route=\/wp\/v2\/posts"}],"about":[{"href":"https:\/\/www.hansajolle.de\/index.php?rest_route=\/wp\/v2\/types\/post"}],"author":[{"embeddable":true,"href":"https:\/\/www.hansajolle.de\/index.php?rest_route=\/wp\/v2\/users\/2"}],"replies":[{"embeddable":true,"href":"https:\/\/www.hansajolle.de\/index.php?rest_route=%2Fwp%2Fv2%2Fcomments&post=1040"}],"version-history":[{"count":16,"href":"https:\/\/www.hansajolle.de\/index.php?rest_route=\/wp\/v2\/posts\/1040\/revisions"}],"predecessor-version":[{"id":1133,"href":"https:\/\/www.hansajolle.de\/index.php?rest_route=\/wp\/v2\/posts\/1040\/revisions\/1133"}],"wp:featuredmedia":[{"embeddable":true,"href":"https:\/\/www.hansajolle.de\/index.php?rest_route=\/wp\/v2\/media\/1048"}],"wp:attachment":[{"href":"https:\/\/www.hansajolle.de\/index.php?rest_route=%2Fwp%2Fv2%2Fmedia&parent=1040"}],"wp:term":[{"taxonomy":"category","embeddable":true,"href":"https:\/\/www.hansajolle.de\/index.php?rest_route=%2Fwp%2Fv2%2Fcategories&post=1040"},{"taxonomy":"post_tag","embeddable":true,"href":"https:\/\/www.hansajolle.de\/index.php?rest_route=%2Fwp%2Fv2%2Ftags&post=1040"}],"curies":[{"name":"wp","href":"https:\/\/api.w.org\/{rel}","templated":true}]}}