{"id":1404,"date":"2021-06-08T18:15:00","date_gmt":"2021-06-08T16:15:00","guid":{"rendered":"https:\/\/www.hansajolle.de\/?p=1404"},"modified":"2021-06-08T07:35:25","modified_gmt":"2021-06-08T05:35:25","slug":"revier-treffen-sued-am-25-07-27-06-21","status":"publish","type":"post","link":"https:\/\/www.hansajolle.de\/?p=1404","title":{"rendered":"\u00c4nderung: Revier-Treffen S\u00fcd am 10.09. &#8211; 12.09.21 am Bodensee"},"content":{"rendered":"\n<p class=\"wp-block-paragraph\">Liebe Hansajollen-Segler und -Begeisterte!<\/p>\n\n\n\n<figure class=\"wp-block-image size-large\"><img loading=\"lazy\" decoding=\"async\" width=\"1024\" height=\"595\" src=\"https:\/\/www.hansajolle.de\/wp-content\/uploads\/2021\/02\/No.147-im-alten-Hafen-Moos-Oktober-2020-1024x595.jpg\" alt=\"\" class=\"wp-image-1407\" srcset=\"https:\/\/www.hansajolle.de\/wp-content\/uploads\/2021\/02\/No.147-im-alten-Hafen-Moos-Oktober-2020-1024x595.jpg 1024w, https:\/\/www.hansajolle.de\/wp-content\/uploads\/2021\/02\/No.147-im-alten-Hafen-Moos-Oktober-2020-300x174.jpg 300w, https:\/\/www.hansajolle.de\/wp-content\/uploads\/2021\/02\/No.147-im-alten-Hafen-Moos-Oktober-2020-768x446.jpg 768w, https:\/\/www.hansajolle.de\/wp-content\/uploads\/2021\/02\/No.147-im-alten-Hafen-Moos-Oktober-2020-1536x893.jpg 1536w, https:\/\/www.hansajolle.de\/wp-content\/uploads\/2021\/02\/No.147-im-alten-Hafen-Moos-Oktober-2020-2048x1191.jpg 2048w, https:\/\/www.hansajolle.de\/wp-content\/uploads\/2021\/02\/No.147-im-alten-Hafen-Moos-Oktober-2020-1140x663.jpg 1140w\" sizes=\"auto, (max-width: 1024px) 100vw, 1024px\" \/><\/figure>\n\n\n\n<p class=\"wp-block-paragraph\">Auch wenn die aktuellen Zahlen eine Lockerung der Beschr\u00e4nkungen durch Corona zulassen, k\u00f6nnen wir noch nicht die geplanten Aktivit\u00e4ten in der gew\u00fcnschten Form umsetzen. Aus diesem Grund wird unser geplantes Revier-Treffen S\u00fcd verschoben.<\/p>\n\n\n\n<!--more-->\n\n\n\n<p class=\"wp-block-paragraph\">Wenn ich mich nicht verz\u00e4hlt habe, sind wir mittlerweile 11 Hansajollen hier am See und noch einige Interessierte\/Vor-Eigner\/Mitsegler.<\/p>\n\n\n\n<p class=\"wp-block-paragraph\">F\u00fcr 2021 plane ich wieder ein kleines Treffen der Hansajollen hier am See \u2013 also Termin schon mal vormerken:&nbsp;<strong>10.-12. September 2021<\/strong><\/p>\n\n\n\n<p class=\"wp-block-paragraph\">Weitere Infos folgen!<\/p>\n\n\n\n<p class=\"wp-block-paragraph\">Vielleicht kriegen wir ja die ein oder andere \u201eWettfahrt\u201c hin?!?<\/p>\n\n\n\n<p class=\"wp-block-paragraph\">Wer kein eigenes Boot hat, kann sicherlich auf einem anderen Boot mitsegeln.<\/p>\n\n\n\n<p class=\"wp-block-paragraph\">Meldet Euch rechtzeitig bei mir, damit ich das koordinieren kann.<\/p>\n\n\n\n<p class=\"wp-block-paragraph\">Seid Ihr dabei? K\u00f6nnt Ihr diesen Termin zeitlich einrichten?<\/p>\n\n\n\n<p class=\"wp-block-paragraph\">Gern h\u00f6re ich von Euch und auch Euren Vorschl\u00e4gen\/Beitr\u00e4gen f\u00fcr das gemeinsame Programm.<\/p>\n\n\n\n<p class=\"wp-block-paragraph\">Liebe Gr\u00fc\u00dfe in alle Richtungen, an alle derzeit passiven Seglerinnen und Segler!<\/p>\n\n\n\n<p class=\"wp-block-paragraph\">Jan.<\/p>\n\n\n\n<p class=\"wp-block-paragraph\">0151 17790348<\/p>\n\n\n\n<p class=\"wp-block-paragraph\">#147<\/p>\n","protected":false},"excerpt":{"rendered":"<p>Liebe Hansajollen-Segler und -Begeisterte! Auch wenn die aktuellen Zahlen eine Lockerung der Beschr\u00e4nkungen durch Corona zulassen, k\u00f6nnen wir noch nicht die geplanten Aktivit\u00e4ten in der gew\u00fcnschten Form umsetzen. Aus diesem Grund wird unser geplantes Revier-Treffen S\u00fcd verschoben.<\/p>\n","protected":false},"author":2,"featured_media":1408,"comment_status":"open","ping_status":"open","sticky":false,"template":"","format":"standard","meta":{"_crdt_document":"","footnotes":""},"categories":[1],"tags":[],"class_list":["post-1404","post","type-post","status-publish","format-standard","has-post-thumbnail","hentry","category-allgemein"],"cc_featured_image_caption":{"caption_text":"","source_text":"","source_url":""},"acf":[],"_links":{"self":[{"href":"https:\/\/www.hansajolle.de\/index.php?rest_route=\/wp\/v2\/posts\/1404","targetHints":{"allow":["GET"]}}],"collection":[{"href":"https:\/\/www.hansajolle.de\/index.php?rest_route=\/wp\/v2\/posts"}],"about":[{"href":"https:\/\/www.hansajolle.de\/index.php?rest_route=\/wp\/v2\/types\/post"}],"author":[{"embeddable":true,"href":"https:\/\/www.hansajolle.de\/index.php?rest_route=\/wp\/v2\/users\/2"}],"replies":[{"embeddable":true,"href":"https:\/\/www.hansajolle.de\/index.php?rest_route=%2Fwp%2Fv2%2Fcomments&post=1404"}],"version-history":[{"count":7,"href":"https:\/\/www.hansajolle.de\/index.php?rest_route=\/wp\/v2\/posts\/1404\/revisions"}],"predecessor-version":[{"id":1507,"href":"https:\/\/www.hansajolle.de\/index.php?rest_route=\/wp\/v2\/posts\/1404\/revisions\/1507"}],"wp:featuredmedia":[{"embeddable":true,"href":"https:\/\/www.hansajolle.de\/index.php?rest_route=\/wp\/v2\/media\/1408"}],"wp:attachment":[{"href":"https:\/\/www.hansajolle.de\/index.php?rest_route=%2Fwp%2Fv2%2Fmedia&parent=1404"}],"wp:term":[{"taxonomy":"category","embeddable":true,"href":"https:\/\/www.hansajolle.de\/index.php?rest_route=%2Fwp%2Fv2%2Fcategories&post=1404"},{"taxonomy":"post_tag","embeddable":true,"href":"https:\/\/www.hansajolle.de\/index.php?rest_route=%2Fwp%2Fv2%2Ftags&post=1404"}],"curies":[{"name":"wp","href":"https:\/\/api.w.org\/{rel}","templated":true}]}}