{"id":1594,"date":"2022-02-04T11:01:00","date_gmt":"2022-02-04T10:01:00","guid":{"rendered":"https:\/\/www.hansajolle.de\/?p=1594"},"modified":"2022-02-04T11:54:55","modified_gmt":"2022-02-04T10:54:55","slug":"suedlichster-treff-der-hansajollen-in-2022","status":"publish","type":"post","link":"https:\/\/www.hansajolle.de\/?p=1594","title":{"rendered":"Der Termin steht: Treff der Hansajollen am Bodensee &#8211; 23.-24.09.2022 &#8211; SAVE THE DATE !!!"},"content":{"rendered":"\n<p class=\"wp-block-paragraph\">Auch 2022 treffen sich die Hansajollen am S\u00fcden Deutschlands wieder.<\/p>\n\n\n\n<p class=\"wp-block-paragraph\">Der s\u00fcdlichste Ort Deutschlands ist Eind\u00f6dsbach, hat aber leider keinen segel-f\u00e4higen See zu bieten.<\/p>\n\n\n\n<p class=\"wp-block-paragraph\">Daher scheidet Ein\u00f6dsbach als Treffpunkt der Hansajollen im S\u00fcden leider aus.<\/p>\n\n\n\n<p class=\"wp-block-paragraph\">Wir weichen demzufolge wieder auf den Bodensee aus.<\/p>\n\n\n\n<p class=\"wp-block-paragraph\">Am sog. Untersee \u2013 dem westlichen Ausl\u00e4ufer des Bodensees \u2013 treffen sich&nbsp;vom&nbsp;<strong>23.09. bis 25.09.2022<\/strong>&nbsp;die Hansajollen und Ihre Eigner.<\/p>\n\n\n\n<p class=\"wp-block-paragraph\">Interessierte Mitsegler, ehemaliger Eigner sind herzlich willkommen und eingeladen Teil des Treffens zu sein.<\/p>\n\n\n\n<p class=\"wp-block-paragraph\">Wir machen mit unseren Hansajollen den&nbsp;<strong>Rheinsee<\/strong>&nbsp;unsicher \u2013 den Teil vom&nbsp;<strong>Untersee (zwischen Berlingen und Stein am Rhein)<\/strong>, der auch bei Flaute immer ein extra L\u00fcftchen f\u00fcr uns \u00fcbrig hat.<\/p>\n\n\n\n<p class=\"wp-block-paragraph\"><strong>Freitag 23.09.2022<\/strong><\/p>\n\n\n\n<p class=\"wp-block-paragraph\">Anreise unter Segel nach Steckborn<\/p>\n\n\n\n<p class=\"wp-block-paragraph\">Gastliegepl\u00e4tze sind reserviert<\/p>\n\n\n\n<p class=\"wp-block-paragraph\"><strong>Samstag 24.09.2022<\/strong><\/p>\n\n\n\n<p class=\"wp-block-paragraph\">Gemeinsames Fr\u00fchst\u00fcck auf dem Boot<\/p>\n\n\n\n<p class=\"wp-block-paragraph\">Wir segeln gemeinsam grenz\u00fcberschreitend nach Wangen.<\/p>\n\n\n\n<p class=\"wp-block-paragraph\">Vielleicht findet sich jemand aus dem Kreis der Teilnehmer, der hier eine \u201eFar Niente\u201c initiieren kann und eine Idee f\u00fcr einen kleinen Segel-Wettkampf hat\u2026<\/p>\n\n\n\n<p class=\"wp-block-paragraph\">Nachmittags laufen wir im Hafen von Wangen ein.<\/p>\n\n\n\n<p class=\"wp-block-paragraph\">Gemeinsames Grillen am Mongolengrill&nbsp;<\/p>\n\n\n\n<p class=\"wp-block-paragraph\">Abends geht\u00b4s auf die Kulturnacht Wangen mit Lesungen, Jazz, Blues, Ausstellungen etc.<\/p>\n\n\n\n<p class=\"wp-block-paragraph\">Wer nach so einem erf\u00fcllten Tag lieber festen Boden unter der Matratze haben m\u00f6chte, wendet sich direkt an Ecki.<\/p>\n\n\n\n<p class=\"wp-block-paragraph\">Mit seiner&nbsp;<a href=\"http:\/\/bootsstueble-wangen.de\/\">http:\/\/bootsstueble-wangen.de\/<\/a>&nbsp;bietet Ecki in unmittelbarer N\u00e4he zum Hafen eine saugem\u00fctlichen Schlafplatz.<\/p>\n\n\n\n<p class=\"wp-block-paragraph\"><strong>Sonntag 25.09.2022<\/strong><\/p>\n\n\n\n<p class=\"wp-block-paragraph\">Gemeinsames Fr\u00fchst\u00fcck- mit etwas Geschick gibt\u00b4s frische Pfannkuchen vom Mongolengrill<\/p>\n\n\n\n<p class=\"wp-block-paragraph\">Zwischen Fr\u00fchst\u00fcck und Abreise arbeiten wir gerade noch an einer kleinen&nbsp;<strong>\u00dcberraschung<\/strong>&nbsp;\u2013 Holz &amp; Wasser in seiner Ursprungsform \u2013 seid gespannt!<\/p>\n\n\n\n<p class=\"wp-block-paragraph\">Ab Mittag: Abreise in alle Himmelsrichtungen.<\/p>\n\n\n\n<p class=\"wp-block-paragraph\"><strong>Bitte meldet Euch bei Jan Schneider, ob und mit wie vielen Booten &amp; Besatzungsmitgliedern Ihr dabei seid.<\/strong><\/p>\n\n\n\n<p class=\"wp-block-paragraph\"><strong>Dann lassen sich die Reservierungen besser planen.<\/strong><\/p>\n\n\n\n<p class=\"wp-block-paragraph\">Habt Ihr Fragen zur Anreise, \u00dcbernachtung und Teilnahme?<\/p>\n\n\n\n<p class=\"wp-block-paragraph\">Dann meldet Euch gerne bei&nbsp;<\/p>\n\n\n\n<p class=\"wp-block-paragraph\">Jan Schneider<\/p>\n\n\n\n<p class=\"wp-block-paragraph\">Moos am Bodensee<\/p>\n\n\n\n<p class=\"wp-block-paragraph\">Heimathafen: &nbsp;&nbsp;&nbsp;07732 2581585<\/p>\n\n\n\n<p class=\"wp-block-paragraph\">Mobil: &nbsp; &nbsp;&nbsp;&nbsp;&nbsp;&nbsp;&nbsp;&nbsp;&nbsp;&nbsp;&nbsp;&nbsp;&nbsp;&nbsp;&nbsp;0151 17790348<\/p>\n\n\n\n<p class=\"wp-block-paragraph\">Email:&nbsp;&nbsp;&nbsp;&nbsp;&nbsp;&nbsp;&nbsp;&nbsp;&nbsp;&nbsp;&nbsp;&nbsp;&nbsp;&nbsp;&nbsp;&nbsp;&nbsp;<a href=\"mailto:janschneider@email.de\">janschneider@email.de<\/a><\/p>\n\n\n\n<figure class=\"wp-block-gallery has-nested-images columns-default is-cropped wp-block-gallery-1 is-layout-flex wp-block-gallery-is-layout-flex\">\n<figure class=\"wp-block-image size-large\"><img loading=\"lazy\" decoding=\"async\" width=\"1024\" height=\"595\" data-id=\"1599\" src=\"https:\/\/www.hansajolle.de\/wp-content\/uploads\/2022\/01\/No.147-im-alten-Hafen-Moos-Oktober-2020-1024x595.jpg\" alt=\"\" class=\"wp-image-1599\" srcset=\"https:\/\/www.hansajolle.de\/wp-content\/uploads\/2022\/01\/No.147-im-alten-Hafen-Moos-Oktober-2020-1024x595.jpg 1024w, https:\/\/www.hansajolle.de\/wp-content\/uploads\/2022\/01\/No.147-im-alten-Hafen-Moos-Oktober-2020-300x174.jpg 300w, https:\/\/www.hansajolle.de\/wp-content\/uploads\/2022\/01\/No.147-im-alten-Hafen-Moos-Oktober-2020-768x446.jpg 768w, https:\/\/www.hansajolle.de\/wp-content\/uploads\/2022\/01\/No.147-im-alten-Hafen-Moos-Oktober-2020-1536x893.jpg 1536w, https:\/\/www.hansajolle.de\/wp-content\/uploads\/2022\/01\/No.147-im-alten-Hafen-Moos-Oktober-2020-2048x1191.jpg 2048w, https:\/\/www.hansajolle.de\/wp-content\/uploads\/2022\/01\/No.147-im-alten-Hafen-Moos-Oktober-2020-1140x663.jpg 1140w\" sizes=\"auto, (max-width: 1024px) 100vw, 1024px\" \/><\/figure>\n\n\n\n<figure class=\"wp-block-image size-large\"><img loading=\"lazy\" decoding=\"async\" width=\"768\" height=\"1024\" data-id=\"1596\" src=\"https:\/\/www.hansajolle.de\/wp-content\/uploads\/2022\/01\/IMG-20210529-WA0007-768x1024.jpg\" alt=\"\" class=\"wp-image-1596\" srcset=\"https:\/\/www.hansajolle.de\/wp-content\/uploads\/2022\/01\/IMG-20210529-WA0007-768x1024.jpg 768w, https:\/\/www.hansajolle.de\/wp-content\/uploads\/2022\/01\/IMG-20210529-WA0007-225x300.jpg 225w, https:\/\/www.hansajolle.de\/wp-content\/uploads\/2022\/01\/IMG-20210529-WA0007-1152x1536.jpg 1152w, https:\/\/www.hansajolle.de\/wp-content\/uploads\/2022\/01\/IMG-20210529-WA0007-1140x1520.jpg 1140w, https:\/\/www.hansajolle.de\/wp-content\/uploads\/2022\/01\/IMG-20210529-WA0007.jpg 1536w\" sizes=\"auto, (max-width: 768px) 100vw, 768px\" \/><\/figure>\n\n\n\n<figure class=\"wp-block-image size-large\"><img loading=\"lazy\" decoding=\"async\" width=\"768\" height=\"1024\" data-id=\"1597\" src=\"https:\/\/www.hansajolle.de\/wp-content\/uploads\/2022\/01\/IMG-20210529-WA0009-768x1024.jpg\" alt=\"\" class=\"wp-image-1597\" srcset=\"https:\/\/www.hansajolle.de\/wp-content\/uploads\/2022\/01\/IMG-20210529-WA0009-768x1024.jpg 768w, https:\/\/www.hansajolle.de\/wp-content\/uploads\/2022\/01\/IMG-20210529-WA0009-225x300.jpg 225w, https:\/\/www.hansajolle.de\/wp-content\/uploads\/2022\/01\/IMG-20210529-WA0009-1152x1536.jpg 1152w, https:\/\/www.hansajolle.de\/wp-content\/uploads\/2022\/01\/IMG-20210529-WA0009-1140x1520.jpg 1140w, https:\/\/www.hansajolle.de\/wp-content\/uploads\/2022\/01\/IMG-20210529-WA0009.jpg 1536w\" sizes=\"auto, (max-width: 768px) 100vw, 768px\" \/><\/figure>\n\n\n\n<figure class=\"wp-block-image size-large\"><img loading=\"lazy\" decoding=\"async\" width=\"580\" height=\"1024\" data-id=\"1598\" src=\"https:\/\/www.hansajolle.de\/wp-content\/uploads\/2022\/01\/DSC_0443-580x1024.jpg\" alt=\"\" class=\"wp-image-1598\" srcset=\"https:\/\/www.hansajolle.de\/wp-content\/uploads\/2022\/01\/DSC_0443-580x1024.jpg 580w, https:\/\/www.hansajolle.de\/wp-content\/uploads\/2022\/01\/DSC_0443-170x300.jpg 170w, https:\/\/www.hansajolle.de\/wp-content\/uploads\/2022\/01\/DSC_0443-768x1357.jpg 768w, https:\/\/www.hansajolle.de\/wp-content\/uploads\/2022\/01\/DSC_0443-869x1536.jpg 869w, https:\/\/www.hansajolle.de\/wp-content\/uploads\/2022\/01\/DSC_0443-1159x2048.jpg 1159w, https:\/\/www.hansajolle.de\/wp-content\/uploads\/2022\/01\/DSC_0443-1140x2014.jpg 1140w, https:\/\/www.hansajolle.de\/wp-content\/uploads\/2022\/01\/DSC_0443-scaled.jpg 1449w\" sizes=\"auto, (max-width: 580px) 100vw, 580px\" \/><\/figure>\n\n\n\n<figure class=\"wp-block-image size-large\"><img loading=\"lazy\" decoding=\"async\" width=\"1024\" height=\"578\" data-id=\"1600\" src=\"https:\/\/www.hansajolle.de\/wp-content\/uploads\/2022\/01\/DSC_0446-1024x578.jpg\" alt=\"\" class=\"wp-image-1600\" srcset=\"https:\/\/www.hansajolle.de\/wp-content\/uploads\/2022\/01\/DSC_0446-1024x578.jpg 1024w, https:\/\/www.hansajolle.de\/wp-content\/uploads\/2022\/01\/DSC_0446-300x169.jpg 300w, https:\/\/www.hansajolle.de\/wp-content\/uploads\/2022\/01\/DSC_0446-768x433.jpg 768w, https:\/\/www.hansajolle.de\/wp-content\/uploads\/2022\/01\/DSC_0446-1536x867.jpg 1536w, https:\/\/www.hansajolle.de\/wp-content\/uploads\/2022\/01\/DSC_0446-2048x1155.jpg 2048w, https:\/\/www.hansajolle.de\/wp-content\/uploads\/2022\/01\/DSC_0446-1140x643.jpg 1140w\" sizes=\"auto, (max-width: 1024px) 100vw, 1024px\" \/><\/figure>\n<\/figure>\n","protected":false},"excerpt":{"rendered":"<p>Auch 2022 treffen sich die Hansajollen am S\u00fcden Deutschlands wieder. Der s\u00fcdlichste Ort Deutschlands ist Eind\u00f6dsbach, hat aber leider keinen segel-f\u00e4higen See zu bieten. Daher scheidet Ein\u00f6dsbach als Treffpunkt der Hansajollen im S\u00fcden leider aus. Wir weichen demzufolge wieder auf den Bodensee aus. Am sog. Untersee \u2013 dem westlichen Ausl\u00e4ufer des Bodensees \u2013 treffen sich&nbsp;vom&nbsp;23.09. bis 25.09.2022&nbsp;die Hansajollen und Ihre Eigner. Interessierte Mitsegler, ehemaliger Eigner sind herzlich willkommen und eingeladen Teil des Treffens zu sein. Wir machen mit unseren Hansajollen den&nbsp;Rheinsee&nbsp;unsicher \u2013 den Teil vom&nbsp;Untersee (zwischen Berlingen und Stein am Rhein), der auch bei Flaute immer ein extra L\u00fcftchen f\u00fcr uns \u00fcbrig hat. Freitag 23.09.2022 Anreise unter Segel nach Steckborn Gastliegepl\u00e4tze sind reserviert Samstag 24.09.2022 Gemeinsames Fr\u00fchst\u00fcck auf dem Boot Wir segeln gemeinsam grenz\u00fcberschreitend nach Wangen. Vielleicht findet sich jemand aus dem Kreis der Teilnehmer, der hier eine \u201eFar Niente\u201c initiieren kann und eine Idee f\u00fcr einen kleinen Segel-Wettkampf hat\u2026 Nachmittags laufen wir im Hafen von Wangen ein. Gemeinsames Grillen am Mongolengrill&nbsp; Abends geht\u00b4s auf die Kulturnacht Wangen mit Lesungen, Jazz, Blues, Ausstellungen etc. Wer nach so einem erf\u00fcllten Tag lieber festen Boden unter der Matratze haben m\u00f6chte, wendet sich direkt an Ecki. Mit seiner&nbsp;http:\/\/bootsstueble-wangen.de\/&nbsp;bietet Ecki in unmittelbarer N\u00e4he zum Hafen eine saugem\u00fctlichen Schlafplatz. Sonntag 25.09.2022 Gemeinsames Fr\u00fchst\u00fcck- mit etwas Geschick gibt\u00b4s frische Pfannkuchen vom Mongolengrill Zwischen Fr\u00fchst\u00fcck und Abreise arbeiten wir gerade noch an einer kleinen&nbsp;\u00dcberraschung&nbsp;\u2013 Holz &amp; Wasser in seiner Ursprungsform \u2013 seid gespannt! Ab Mittag: Abreise in alle Himmelsrichtungen. Bitte meldet Euch bei Jan Schneider, ob und mit wie vielen Booten &amp; Besatzungsmitgliedern Ihr dabei seid. Dann lassen sich die Reservierungen besser planen. Habt Ihr Fragen zur Anreise, \u00dcbernachtung und Teilnahme? Dann meldet Euch gerne bei&nbsp; Jan Schneider Moos am Bodensee Heimathafen: &nbsp;&nbsp;&nbsp;07732 2581585 Mobil: &nbsp; &nbsp;&nbsp;&nbsp;&nbsp;&nbsp;&nbsp;&nbsp;&nbsp;&nbsp;&nbsp;&nbsp;&nbsp;&nbsp;&nbsp;0151 17790348 Email:&nbsp;&nbsp;&nbsp;&nbsp;&nbsp;&nbsp;&nbsp;&nbsp;&nbsp;&nbsp;&nbsp;&nbsp;&nbsp;&nbsp;&nbsp;&nbsp;&nbsp;janschneider@email.de<\/p>\n","protected":false},"author":2,"featured_media":1600,"comment_status":"open","ping_status":"open","sticky":false,"template":"","format":"standard","meta":{"_crdt_document":"","footnotes":""},"categories":[1],"tags":[],"class_list":["post-1594","post","type-post","status-publish","format-standard","has-post-thumbnail","hentry","category-allgemein"],"cc_featured_image_caption":{"caption_text":"","source_text":"","source_url":""},"acf":[],"_links":{"self":[{"href":"https:\/\/www.hansajolle.de\/index.php?rest_route=\/wp\/v2\/posts\/1594","targetHints":{"allow":["GET"]}}],"collection":[{"href":"https:\/\/www.hansajolle.de\/index.php?rest_route=\/wp\/v2\/posts"}],"about":[{"href":"https:\/\/www.hansajolle.de\/index.php?rest_route=\/wp\/v2\/types\/post"}],"author":[{"embeddable":true,"href":"https:\/\/www.hansajolle.de\/index.php?rest_route=\/wp\/v2\/users\/2"}],"replies":[{"embeddable":true,"href":"https:\/\/www.hansajolle.de\/index.php?rest_route=%2Fwp%2Fv2%2Fcomments&post=1594"}],"version-history":[{"count":4,"href":"https:\/\/www.hansajolle.de\/index.php?rest_route=\/wp\/v2\/posts\/1594\/revisions"}],"predecessor-version":[{"id":1607,"href":"https:\/\/www.hansajolle.de\/index.php?rest_route=\/wp\/v2\/posts\/1594\/revisions\/1607"}],"wp:featuredmedia":[{"embeddable":true,"href":"https:\/\/www.hansajolle.de\/index.php?rest_route=\/wp\/v2\/media\/1600"}],"wp:attachment":[{"href":"https:\/\/www.hansajolle.de\/index.php?rest_route=%2Fwp%2Fv2%2Fmedia&parent=1594"}],"wp:term":[{"taxonomy":"category","embeddable":true,"href":"https:\/\/www.hansajolle.de\/index.php?rest_route=%2Fwp%2Fv2%2Fcategories&post=1594"},{"taxonomy":"post_tag","embeddable":true,"href":"https:\/\/www.hansajolle.de\/index.php?rest_route=%2Fwp%2Fv2%2Ftags&post=1594"}],"curies":[{"name":"wp","href":"https:\/\/api.w.org\/{rel}","templated":true}]}}