{"id":1878,"date":"2023-02-02T11:41:41","date_gmt":"2023-02-02T10:41:41","guid":{"rendered":"https:\/\/www.hansajolle.de\/?p=1878"},"modified":"2023-02-02T11:43:24","modified_gmt":"2023-02-02T10:43:24","slug":"nachrichten-aus-dem-ausland","status":"publish","type":"post","link":"https:\/\/www.hansajolle.de\/?p=1878","title":{"rendered":"Nachrichten aus dem Ausland"},"content":{"rendered":"\n<p class=\"wp-block-paragraph\">Hier in \u00d6sterreich gibt es nicht viel Neues. Die Holzbootszene ist klein und \u00fcberschaubar. Thomas Wimmer ist der&nbsp;neue Eigner meiner Hansajolle und lebt am Traunsee. Beide sind im Segelklub Altm\u00fcnster beheimatet.<\/p>\n\n\n\n<p class=\"wp-block-paragraph\">Seit September bin ich als Traditionsbeauftragter im Vorstand des Union-Yacht-Club Wolfgangsee. Meine Hauptaufgabe ist die Organisation der&nbsp;Traditionsregatta im Club und die Terminabsprache mit den anderen \u00f6sterreichischen Clubs, die Holzbootregatten durchf\u00fchren.<\/p>\n\n\n\n<p class=\"wp-block-paragraph\">Da die Hansajolle OE 97 nach wie vor auf Gesellschaft aus Deutschland hofft, und vielleicht jemand mit seiner Hansajolle einen &#8222;Segelt\u00f6rn&#8220; in \u00d6sterreich plant, hier die Termine:<\/p>\n\n\n\n<p class=\"wp-block-paragraph\">15. u. 16. Juli Holzbootregatta UYCMo Mondsee <a href=\"https:\/\/www.uyc-mondsee.at\/mondsee-klassik-2022\/\" target=\"_blank\" rel=\"noreferrer noopener\">(Video von 2022)<\/a><\/p>\n\n\n\n<p class=\"wp-block-paragraph\">28. 29. 30. Juli Traditionsregatta UYCWg&nbsp;Wolfgangsee <a href=\"http:\/\/uyc-wolfgangsee.at\/index.php\/regatten-aktuell\/cat.listevents\/2023\/02\/02\/-\" target=\"_blank\" rel=\"noreferrer noopener\">(Ank\u00fcndigung)<\/a><\/p>\n\n\n\n<p class=\"wp-block-paragraph\">02.-06. August Traditionstage UYCAs Attersee <a href=\"https:\/\/www.uycas.at\/regatten.html\" target=\"_blank\" rel=\"noreferrer noopener\">(Ank\u00fcndigung)<\/a><\/p>\n\n\n\n<p class=\"wp-block-paragraph\">12.-15. August&nbsp; Cherry-Fass UYCT\/SCA Traunsee<\/p>\n\n\n\n<p class=\"wp-block-paragraph\">Die Termine&nbsp;am Wolfgangsee, Attersee und Traunsee liegen so g\u00fcnstig,&nbsp;dass ein 14-t\u00e4giger \u00d6sterreichurlaub im wundersch\u00f6nen Salzkammergut mit der Teilnahme an drei hochkar\u00e4tigen Holzbootveranstaltungen m\u00f6glich ist.<\/p>\n\n\n\n<p class=\"wp-block-paragraph\">Die genauen Termine am W\u00f6rthersee (Mai\/ Juni im UYCW\u00f6) und Mattsee (September im UYCMa) stehen noch nicht fest. Alle Ausschreibungen, verbunden mit einem ansprechenden Rahmenprogramm, findet ihr auf der Homepage der Clubs!&nbsp;<\/p>\n\n\n\n<p class=\"wp-block-paragraph\">Es w\u00e4re sch\u00f6n, euch in einem der sch\u00f6nsten Binnenreviere Europas begr\u00fc\u00dfen zu d\u00fcrfen!!!<\/p>\n\n\n\n<p class=\"wp-block-paragraph\">Liebe Gr\u00fc\u00dfe aus \u00d6sterreich<\/p>\n\n\n\n<p class=\"wp-block-paragraph\">Thomas K\u00f6rner<\/p>\n\n\n\n<figure class=\"wp-block-gallery has-nested-images columns-default is-cropped wp-block-gallery-1 is-layout-flex wp-block-gallery-is-layout-flex\">\n<figure class=\"wp-block-image size-large\"><a href=\"https:\/\/www.hansajolle.de\/wp-content\/uploads\/2023\/02\/wolfgangsee-1.jpg\"><img loading=\"lazy\" decoding=\"async\" width=\"821\" height=\"617\" data-id=\"1884\" src=\"https:\/\/www.hansajolle.de\/wp-content\/uploads\/2023\/02\/wolfgangsee-1.jpg\" alt=\"\" class=\"wp-image-1884\" srcset=\"https:\/\/www.hansajolle.de\/wp-content\/uploads\/2023\/02\/wolfgangsee-1.jpg 821w, https:\/\/www.hansajolle.de\/wp-content\/uploads\/2023\/02\/wolfgangsee-1-300x225.jpg 300w, https:\/\/www.hansajolle.de\/wp-content\/uploads\/2023\/02\/wolfgangsee-1-768x577.jpg 768w\" sizes=\"auto, (max-width: 821px) 100vw, 821px\" \/><\/a><\/figure>\n\n\n\n<figure class=\"wp-block-image size-large\"><a href=\"https:\/\/www.hansajolle.de\/wp-content\/uploads\/2023\/02\/traunsee-1.png\"><img loading=\"lazy\" decoding=\"async\" width=\"532\" height=\"298\" data-id=\"1886\" src=\"https:\/\/www.hansajolle.de\/wp-content\/uploads\/2023\/02\/traunsee-1.png\" alt=\"\" class=\"wp-image-1886\" srcset=\"https:\/\/www.hansajolle.de\/wp-content\/uploads\/2023\/02\/traunsee-1.png 532w, https:\/\/www.hansajolle.de\/wp-content\/uploads\/2023\/02\/traunsee-1-300x168.png 300w\" sizes=\"auto, (max-width: 532px) 100vw, 532px\" \/><\/a><\/figure>\n\n\n\n<figure class=\"wp-block-image size-large\"><a href=\"https:\/\/www.hansajolle.de\/wp-content\/uploads\/2023\/02\/Unbenannt-1.jpg\"><img loading=\"lazy\" decoding=\"async\" width=\"647\" height=\"861\" data-id=\"1885\" src=\"https:\/\/www.hansajolle.de\/wp-content\/uploads\/2023\/02\/Unbenannt-1.jpg\" alt=\"\" class=\"wp-image-1885\" srcset=\"https:\/\/www.hansajolle.de\/wp-content\/uploads\/2023\/02\/Unbenannt-1.jpg 647w, https:\/\/www.hansajolle.de\/wp-content\/uploads\/2023\/02\/Unbenannt-1-225x300.jpg 225w\" sizes=\"auto, (max-width: 647px) 100vw, 647px\" \/><\/a><\/figure>\n\n\n\n<figure class=\"wp-block-image size-large\"><a href=\"https:\/\/www.hansajolle.de\/wp-content\/uploads\/2023\/02\/attersee.jpg\"><img loading=\"lazy\" decoding=\"async\" width=\"1024\" height=\"685\" data-id=\"1882\" src=\"https:\/\/www.hansajolle.de\/wp-content\/uploads\/2023\/02\/attersee-1024x685.jpg\" alt=\"\" class=\"wp-image-1882\" srcset=\"https:\/\/www.hansajolle.de\/wp-content\/uploads\/2023\/02\/attersee-1024x685.jpg 1024w, https:\/\/www.hansajolle.de\/wp-content\/uploads\/2023\/02\/attersee-300x201.jpg 300w, https:\/\/www.hansajolle.de\/wp-content\/uploads\/2023\/02\/attersee-768x513.jpg 768w, https:\/\/www.hansajolle.de\/wp-content\/uploads\/2023\/02\/attersee-1140x762.jpg 1140w, https:\/\/www.hansajolle.de\/wp-content\/uploads\/2023\/02\/attersee.jpg 1210w\" sizes=\"auto, (max-width: 1024px) 100vw, 1024px\" \/><\/a><\/figure>\n<\/figure>\n","protected":false},"excerpt":{"rendered":"<p>Hier in \u00d6sterreich gibt es nicht viel Neues. Die Holzbootszene ist klein und \u00fcberschaubar. Thomas Wimmer ist der&nbsp;neue Eigner meiner Hansajolle und lebt am Traunsee. Beide sind im Segelklub Altm\u00fcnster beheimatet. Seit September bin ich als Traditionsbeauftragter im Vorstand des Union-Yacht-Club Wolfgangsee. Meine Hauptaufgabe ist die Organisation der&nbsp;Traditionsregatta im Club und die Terminabsprache mit den anderen \u00f6sterreichischen Clubs, die Holzbootregatten durchf\u00fchren. Da die Hansajolle OE 97 nach wie vor auf Gesellschaft aus Deutschland hofft, und vielleicht jemand mit seiner Hansajolle einen &#8222;Segelt\u00f6rn&#8220; in \u00d6sterreich plant, hier die Termine: 15. u. 16. Juli Holzbootregatta UYCMo Mondsee (Video von 2022) 28. 29. 30. Juli Traditionsregatta UYCWg&nbsp;Wolfgangsee (Ank\u00fcndigung) 02.-06. August Traditionstage UYCAs Attersee (Ank\u00fcndigung) 12.-15. August&nbsp; Cherry-Fass UYCT\/SCA Traunsee Die Termine&nbsp;am Wolfgangsee, Attersee und Traunsee liegen so g\u00fcnstig,&nbsp;dass ein 14-t\u00e4giger \u00d6sterreichurlaub im wundersch\u00f6nen Salzkammergut mit der Teilnahme an drei hochkar\u00e4tigen Holzbootveranstaltungen m\u00f6glich ist. Die genauen Termine am W\u00f6rthersee (Mai\/ Juni im UYCW\u00f6) und Mattsee (September im UYCMa) stehen noch nicht fest. Alle Ausschreibungen, verbunden mit einem ansprechenden Rahmenprogramm, findet ihr auf der Homepage der Clubs!&nbsp; Es w\u00e4re sch\u00f6n, euch in einem der sch\u00f6nsten Binnenreviere Europas begr\u00fc\u00dfen zu d\u00fcrfen!!! Liebe Gr\u00fc\u00dfe aus \u00d6sterreich Thomas K\u00f6rner<\/p>\n","protected":false},"author":2,"featured_media":1883,"comment_status":"open","ping_status":"open","sticky":false,"template":"","format":"standard","meta":{"_crdt_document":"","footnotes":""},"categories":[1],"tags":[],"class_list":["post-1878","post","type-post","status-publish","format-standard","has-post-thumbnail","hentry","category-allgemein"],"cc_featured_image_caption":{"caption_text":"","source_text":"","source_url":""},"acf":[],"_links":{"self":[{"href":"https:\/\/www.hansajolle.de\/index.php?rest_route=\/wp\/v2\/posts\/1878","targetHints":{"allow":["GET"]}}],"collection":[{"href":"https:\/\/www.hansajolle.de\/index.php?rest_route=\/wp\/v2\/posts"}],"about":[{"href":"https:\/\/www.hansajolle.de\/index.php?rest_route=\/wp\/v2\/types\/post"}],"author":[{"embeddable":true,"href":"https:\/\/www.hansajolle.de\/index.php?rest_route=\/wp\/v2\/users\/2"}],"replies":[{"embeddable":true,"href":"https:\/\/www.hansajolle.de\/index.php?rest_route=%2Fwp%2Fv2%2Fcomments&post=1878"}],"version-history":[{"count":2,"href":"https:\/\/www.hansajolle.de\/index.php?rest_route=\/wp\/v2\/posts\/1878\/revisions"}],"predecessor-version":[{"id":1888,"href":"https:\/\/www.hansajolle.de\/index.php?rest_route=\/wp\/v2\/posts\/1878\/revisions\/1888"}],"wp:featuredmedia":[{"embeddable":true,"href":"https:\/\/www.hansajolle.de\/index.php?rest_route=\/wp\/v2\/media\/1883"}],"wp:attachment":[{"href":"https:\/\/www.hansajolle.de\/index.php?rest_route=%2Fwp%2Fv2%2Fmedia&parent=1878"}],"wp:term":[{"taxonomy":"category","embeddable":true,"href":"https:\/\/www.hansajolle.de\/index.php?rest_route=%2Fwp%2Fv2%2Fcategories&post=1878"},{"taxonomy":"post_tag","embeddable":true,"href":"https:\/\/www.hansajolle.de\/index.php?rest_route=%2Fwp%2Fv2%2Ftags&post=1878"}],"curies":[{"name":"wp","href":"https:\/\/api.w.org\/{rel}","templated":true}]}}