{"id":2413,"date":"2026-03-14T13:27:18","date_gmt":"2026-03-14T12:27:18","guid":{"rendered":"https:\/\/www.hansajolle.de\/?p=2413"},"modified":"2026-03-14T13:34:45","modified_gmt":"2026-03-14T12:34:45","slug":"save-the-date-deutschlandpokal-2026","status":"publish","type":"post","link":"https:\/\/www.hansajolle.de\/?p=2413","title":{"rendered":"Save the date: Deutschlandpokal 2026"},"content":{"rendered":"\n<p class=\"wp-block-paragraph\">Anl\u00e4sslich&nbsp;des&nbsp;125 j\u00e4hrigen&nbsp;Bestehens&nbsp;l\u00e4dt der Union Yacht Club Wolfgangsee&nbsp;in St. Gilgen am Wolfgangsee&nbsp;vom 31.07.2026 bis 02.08.2026&nbsp;zum Pokal der Hansa-Jollen&nbsp;nach \u00d6sterreich ein!<\/p>\n\n\n\n<p class=\"wp-block-paragraph\">Der Wolfgangsee ist eines der sch\u00f6nsten \u00f6sterreichischen Segelreviere. Er liegt im Herzen des Salzkammergutes und ist von der Deutsch- \u00d6sterreichischen Grenze&nbsp;bei&nbsp;Salzburg in einer halben Stunde erreichbar.&nbsp;<\/p>\n\n\n\n<p class=\"wp-block-paragraph\"><strong>GEPLANTER ABLAUF<\/strong><\/p>\n\n\n\n<p class=\"wp-block-paragraph\"><strong>Donnerstag 30.07.2026<\/strong><\/p>\n\n\n\n<p class=\"wp-block-paragraph\">Ankommen!<\/p>\n\n\n\n<p class=\"wp-block-paragraph\">Einkranen&nbsp;im Club (Kran vorhanden, Tel 00436643625736Thomas K\u00f6rner)<\/p>\n\n\n\n<p class=\"wp-block-paragraph\">Zuweisung der Liegepl\u00e4tze durch den Hafenmeister<\/p>\n\n\n\n<p class=\"wp-block-paragraph\"><strong>Freitag, 31.07.2026<\/strong><\/p>\n\n\n\n<p class=\"wp-block-paragraph\">Registrierung und Kranm\u00f6glichkeit&nbsp;bis 10:30&nbsp;Uhr<\/p>\n\n\n\n<p class=\"wp-block-paragraph\">Begr\u00fc\u00dfung&nbsp;und&nbsp;Steuermannsbesprechung&nbsp;ca.&nbsp;11:00&nbsp;Uhr<\/p>\n\n\n\n<p class=\"wp-block-paragraph\">Den 1. Start&nbsp;bestimmt&nbsp;dann&nbsp;der&nbsp;Wind&nbsp;in Absprache mit dem&nbsp;Wettfahrtsleiter!<\/p>\n\n\n\n<p class=\"wp-block-paragraph\">Abend:<\/p>\n\n\n\n<p class=\"wp-block-paragraph\">Gala-Dinner im Gasthof Post in angemessener Kleidung<\/p>\n\n\n\n<p class=\"wp-block-paragraph\"><strong>Samstag, 01.08.2026<\/strong><\/p>\n\n\n\n<p class=\"wp-block-paragraph\">Wettfahrten laut Aushang, anschlie\u00dfend&nbsp;Stegbier&nbsp;anl\u00e4sslich des&nbsp;65.&nbsp;Geburtstages von&nbsp;\u201eS\u00fcdwind\u201c&nbsp;und der Gr\u00fcndung der Klassenvereinigung&nbsp;in Essen&nbsp;vor 65 Jahren!<\/p>\n\n\n\n<p class=\"wp-block-paragraph\">Abend:<\/p>\n\n\n\n<p class=\"wp-block-paragraph\">Segleressen<\/p>\n\n\n\n<p class=\"wp-block-paragraph\"><strong>Sonntag, 02.08.2026<\/strong><\/p>\n\n\n\n<p class=\"wp-block-paragraph\">Musikalischer&nbsp;Fr\u00fchschoppen<\/p>\n\n\n\n<p class=\"wp-block-paragraph\">Lange Wettfahrt<\/p>\n\n\n\n<p class=\"wp-block-paragraph\">Siegerehrung<\/p>\n\n\n\n<p class=\"wp-block-paragraph\">Kranm\u00f6glichkeit&nbsp;im Anschluss (oder&nbsp;am Montag)<\/p>\n\n\n\n<p class=\"wp-block-paragraph\">Anmeldung erfolgt \u00fcber die Homepage des Union Yacht-Clubs Wolfgangsee:&nbsp;<a href=\"https:\/\/www.uyc-wolfgangsee.at\/index.php\/regatten\">https:\/\/www.uyc-wolfgangsee.at\/index.php\/regatten<\/a><\/p>\n\n\n\n<p class=\"wp-block-paragraph\">oder direkt \u00fcber <a href=\"https:\/\/digital.segelverband.at\/meldung\/18585\/\">https:\/\/digital.segelverband.at\/meldung\/18585\/<\/a><\/p>\n\n\n\n<p class=\"wp-block-paragraph\">Liebe Gr\u00fc\u00dfe Dietmar&nbsp;<\/p>\n\n\n\n<p class=\"wp-block-paragraph\"><\/p>\n","protected":false},"excerpt":{"rendered":"<p>Anl\u00e4sslich&nbsp;des&nbsp;125 j\u00e4hrigen&nbsp;Bestehens&nbsp;l\u00e4dt der Union Yacht Club Wolfgangsee&nbsp;in St. Gilgen am Wolfgangsee&nbsp;vom 31.07.2026 bis 02.08.2026&nbsp;zum Pokal der Hansa-Jollen&nbsp;nach \u00d6sterreich ein! Der Wolfgangsee ist eines der sch\u00f6nsten \u00f6sterreichischen Segelreviere. Er liegt im Herzen des Salzkammergutes und ist von der Deutsch- \u00d6sterreichischen Grenze&nbsp;bei&nbsp;Salzburg in einer halben Stunde erreichbar.&nbsp; GEPLANTER ABLAUF Donnerstag 30.07.2026 Ankommen! Einkranen&nbsp;im Club (Kran vorhanden, Tel 00436643625736Thomas K\u00f6rner) Zuweisung der Liegepl\u00e4tze durch den Hafenmeister Freitag, 31.07.2026 Registrierung und Kranm\u00f6glichkeit&nbsp;bis 10:30&nbsp;Uhr Begr\u00fc\u00dfung&nbsp;und&nbsp;Steuermannsbesprechung&nbsp;ca.&nbsp;11:00&nbsp;Uhr Den 1. Start&nbsp;bestimmt&nbsp;dann&nbsp;der&nbsp;Wind&nbsp;in Absprache mit dem&nbsp;Wettfahrtsleiter! Abend: Gala-Dinner im Gasthof Post in angemessener Kleidung Samstag, 01.08.2026 Wettfahrten laut Aushang, anschlie\u00dfend&nbsp;Stegbier&nbsp;anl\u00e4sslich des&nbsp;65.&nbsp;Geburtstages von&nbsp;\u201eS\u00fcdwind\u201c&nbsp;und der Gr\u00fcndung der Klassenvereinigung&nbsp;in Essen&nbsp;vor 65 Jahren! Abend: Segleressen Sonntag, 02.08.2026 Musikalischer&nbsp;Fr\u00fchschoppen Lange Wettfahrt Siegerehrung Kranm\u00f6glichkeit&nbsp;im Anschluss (oder&nbsp;am Montag) Anmeldung erfolgt \u00fcber die Homepage des Union Yacht-Clubs Wolfgangsee:&nbsp;https:\/\/www.uyc-wolfgangsee.at\/index.php\/regatten oder direkt \u00fcber https:\/\/digital.segelverband.at\/meldung\/18585\/ Liebe Gr\u00fc\u00dfe Dietmar&nbsp;<\/p>\n","protected":false},"author":2,"featured_media":0,"comment_status":"open","ping_status":"open","sticky":false,"template":"","format":"standard","meta":{"_crdt_document":"","footnotes":""},"categories":[1],"tags":[],"class_list":["post-2413","post","type-post","status-publish","format-standard","hentry","category-allgemein"],"cc_featured_image_caption":{"caption_text":"","source_text":"","source_url":""},"acf":[],"_links":{"self":[{"href":"https:\/\/www.hansajolle.de\/index.php?rest_route=\/wp\/v2\/posts\/2413","targetHints":{"allow":["GET"]}}],"collection":[{"href":"https:\/\/www.hansajolle.de\/index.php?rest_route=\/wp\/v2\/posts"}],"about":[{"href":"https:\/\/www.hansajolle.de\/index.php?rest_route=\/wp\/v2\/types\/post"}],"author":[{"embeddable":true,"href":"https:\/\/www.hansajolle.de\/index.php?rest_route=\/wp\/v2\/users\/2"}],"replies":[{"embeddable":true,"href":"https:\/\/www.hansajolle.de\/index.php?rest_route=%2Fwp%2Fv2%2Fcomments&post=2413"}],"version-history":[{"count":5,"href":"https:\/\/www.hansajolle.de\/index.php?rest_route=\/wp\/v2\/posts\/2413\/revisions"}],"predecessor-version":[{"id":2419,"href":"https:\/\/www.hansajolle.de\/index.php?rest_route=\/wp\/v2\/posts\/2413\/revisions\/2419"}],"wp:attachment":[{"href":"https:\/\/www.hansajolle.de\/index.php?rest_route=%2Fwp%2Fv2%2Fmedia&parent=2413"}],"wp:term":[{"taxonomy":"category","embeddable":true,"href":"https:\/\/www.hansajolle.de\/index.php?rest_route=%2Fwp%2Fv2%2Fcategories&post=2413"},{"taxonomy":"post_tag","embeddable":true,"href":"https:\/\/www.hansajolle.de\/index.php?rest_route=%2Fwp%2Fv2%2Ftags&post=2413"}],"curies":[{"name":"wp","href":"https:\/\/api.w.org\/{rel}","templated":true}]}}